{"id":985,"date":"2018-08-26T12:22:43","date_gmt":"2018-08-26T15:22:43","guid":{"rendered":"http:\/\/srv.portalnpm.com.br\/?p=985"},"modified":"2018-08-26T12:22:43","modified_gmt":"2018-08-26T15:22:43","slug":"homem-morre-carbonizado-apos-acidente-entre-carro-e-caminhao-na-zona-rural-de-pio-ix","status":"publish","type":"post","link":"https:\/\/portalnpm.com\/index.php\/2018\/08\/26\/homem-morre-carbonizado-apos-acidente-entre-carro-e-caminhao-na-zona-rural-de-pio-ix\/","title":{"rendered":"Homem morre carbonizado ap\u00f3s acidente entre carro e caminh\u00e3o na zona rural de Pio IX"},"content":{"rendered":"<p style=\"text-align: justify;\">Um acidente envolvendo um carro de passeio modelo Fiat Uno e um caminh\u00e3o Bitruck vitimou o borracheiro Edilson Filho na noite deste s\u00e1bado, 25, na BR-020, zona rural de Pio IX.<\/p>\n<p style=\"text-align: justify;\">Ed\u00edlson morava no assentamento Alto Riso depois de se mudar de outra localidade recentemente, o Recreio.<\/p>\n<p style=\"text-align: justify;\">Segundo testemunhas, o caminh\u00e3o seguia sentido \u00e0 cidade de Fortaleza. J\u00e1 o\u00a0carro de passeio trafegava na dire\u00e7\u00e3o contr\u00e1ria. Com a colis\u00e3o frontal o Fiat Uno pegou fogo e o motorista morreu carbonizado.<\/p>\n<p><img fetchpriority=\"high\" decoding=\"async\" class=\"alignnone size-medium wp-image-986\" src=\"http:\/\/portalnpm.com.br\/wp-content\/uploads\/2018\/08\/PIOACI2018-1-300x200.png\" alt=\"\" width=\"300\" height=\"200\" srcset=\"https:\/\/portalnpm.com\/wp-content\/uploads\/2018\/08\/PIOACI2018-1-300x200.png 300w, https:\/\/portalnpm.com\/wp-content\/uploads\/2018\/08\/PIOACI2018-1-330x220.png 330w, https:\/\/portalnpm.com\/wp-content\/uploads\/2018\/08\/PIOACI2018-1-420x280.png 420w, https:\/\/portalnpm.com\/wp-content\/uploads\/2018\/08\/PIOACI2018-1.png 560w\" sizes=\"(max-width: 300px) 100vw, 300px\" \/><\/p>\n<p style=\"text-align: justify;\">O local do acidente \u00e9 pr\u00f3ximo ao trevo que liga as rodovias BR-020 e PI-378, onde houve um atropelamento que matou h\u00e1 11 dias, o agricultor\u00a0 Francisco Santiago Neto, de \u00a029 anos.<\/p>\n<p style=\"text-align: justify;\">Neste momento, a PRF realiza per\u00edcia e o caminh\u00e3o est\u00e1 no local da colis\u00e3o. O borracheiro morreu cerca de 200 metros de seu local de trabalho.<\/p>\n<p><img decoding=\"async\" class=\"alignnone size-medium wp-image-987\" src=\"http:\/\/portalnpm.com.br\/wp-content\/uploads\/2018\/08\/PIOACI2018-2-300x200.png\" alt=\"\" width=\"300\" height=\"200\" srcset=\"https:\/\/portalnpm.com\/wp-content\/uploads\/2018\/08\/PIOACI2018-2-300x200.png 300w, https:\/\/portalnpm.com\/wp-content\/uploads\/2018\/08\/PIOACI2018-2-330x220.png 330w, https:\/\/portalnpm.com\/wp-content\/uploads\/2018\/08\/PIOACI2018-2-420x280.png 420w, https:\/\/portalnpm.com\/wp-content\/uploads\/2018\/08\/PIOACI2018-2.png 560w\" sizes=\"(max-width: 300px) 100vw, 300px\" \/><\/p>\n<p style=\"text-align: justify;\"><strong>Fonte: Portal da Cidade de Pio IX<\/strong><\/p>\n","protected":false},"excerpt":{"rendered":"<p>Um acidente envolvendo um carro de passeio modelo Fiat Uno e um caminh\u00e3o Bitruck vitimou o borracheiro Edilson Filho na noite deste s\u00e1bado, 25, na BR-020, zona rural de Pio IX. Ed\u00edlson morava no assentamento Alto Riso depois de se mudar de outra localidade recentemente, o Recreio. Segundo testemunhas, o caminh\u00e3o seguia sentido \u00e0 cidade &hellip;<\/p>\n","protected":false},"author":3,"featured_media":988,"comment_status":"open","ping_status":"open","sticky":false,"template":"","format":"standard","meta":{"content-type":"","rop_custom_images_group":[],"rop_custom_messages_group":[],"rop_publish_now":"initial","rop_publish_now_accounts":{"facebook_2648258775420054_1618374048415101":""},"rop_publish_now_history":[],"rop_publish_now_status":"pending","footnotes":"","_jetpack_memberships_contains_paid_content":false},"categories":[113,109,439],"tags":[649,459,132],"yoast_head":"<!-- This site is optimized with the Yoast SEO plugin v22.3 - https:\/\/yoast.com\/wordpress\/plugins\/seo\/ -->\n<title>Homem morre carbonizado ap\u00f3s acidente entre carro e caminh\u00e3o na zona rural de Pio IX - Portal NPM<\/title>\n<meta name=\"robots\" content=\"index, follow, max-snippet:-1, max-image-preview:large, max-video-preview:-1\" \/>\n<link rel=\"canonical\" href=\"https:\/\/portalnpm.com\/index.php\/2018\/08\/26\/homem-morre-carbonizado-apos-acidente-entre-carro-e-caminhao-na-zona-rural-de-pio-ix\/\" \/>\n<meta property=\"og:locale\" content=\"pt_BR\" \/>\n<meta property=\"og:type\" content=\"article\" \/>\n<meta property=\"og:title\" content=\"Homem morre carbonizado ap\u00f3s acidente entre carro e caminh\u00e3o na zona rural de Pio IX - Portal NPM\" \/>\n<meta property=\"og:description\" content=\"Um acidente envolvendo um carro de passeio modelo Fiat Uno e um caminh\u00e3o Bitruck vitimou o borracheiro Edilson Filho na noite deste s\u00e1bado, 25, na BR-020, zona rural de Pio IX. Ed\u00edlson morava no assentamento Alto Riso depois de se mudar de outra localidade recentemente, o Recreio. Segundo testemunhas, o caminh\u00e3o seguia sentido \u00e0 cidade &hellip;\" \/>\n<meta property=\"og:url\" content=\"https:\/\/portalnpm.com\/index.php\/2018\/08\/26\/homem-morre-carbonizado-apos-acidente-entre-carro-e-caminhao-na-zona-rural-de-pio-ix\/\" \/>\n<meta property=\"og:site_name\" content=\"Portal NPM\" \/>\n<meta property=\"article:published_time\" content=\"2018-08-26T15:22:43+00:00\" \/>\n<meta property=\"og:image\" content=\"https:\/\/portalnpm.com\/wp-content\/uploads\/2018\/08\/PIOACI2018-3.png\" \/>\n\t<meta property=\"og:image:width\" content=\"560\" \/>\n\t<meta property=\"og:image:height\" content=\"374\" \/>\n\t<meta property=\"og:image:type\" content=\"image\/png\" \/>\n<meta name=\"author\" content=\"Luis Alberto\" \/>\n<meta name=\"twitter:card\" content=\"summary_large_image\" \/>\n<meta name=\"twitter:label1\" content=\"Escrito por\" \/>\n\t<meta name=\"twitter:data1\" content=\"Luis Alberto\" \/>\n\t<meta name=\"twitter:label2\" content=\"Est. tempo de leitura\" \/>\n\t<meta name=\"twitter:data2\" content=\"1 minuto\" \/>\n<script type=\"application\/ld+json\" class=\"yoast-schema-graph\">{\"@context\":\"https:\/\/schema.org\",\"@graph\":[{\"@type\":\"WebPage\",\"@id\":\"https:\/\/portalnpm.com\/index.php\/2018\/08\/26\/homem-morre-carbonizado-apos-acidente-entre-carro-e-caminhao-na-zona-rural-de-pio-ix\/\",\"url\":\"https:\/\/portalnpm.com\/index.php\/2018\/08\/26\/homem-morre-carbonizado-apos-acidente-entre-carro-e-caminhao-na-zona-rural-de-pio-ix\/\",\"name\":\"Homem morre carbonizado ap\u00f3s acidente entre carro e caminh\u00e3o na zona rural de Pio IX - Portal NPM\",\"isPartOf\":{\"@id\":\"https:\/\/portalnpm.com\/#website\"},\"primaryImageOfPage\":{\"@id\":\"https:\/\/portalnpm.com\/index.php\/2018\/08\/26\/homem-morre-carbonizado-apos-acidente-entre-carro-e-caminhao-na-zona-rural-de-pio-ix\/#primaryimage\"},\"image\":{\"@id\":\"https:\/\/portalnpm.com\/index.php\/2018\/08\/26\/homem-morre-carbonizado-apos-acidente-entre-carro-e-caminhao-na-zona-rural-de-pio-ix\/#primaryimage\"},\"thumbnailUrl\":\"https:\/\/portalnpm.com\/wp-content\/uploads\/2018\/08\/PIOACI2018-3.png\",\"datePublished\":\"2018-08-26T15:22:43+00:00\",\"dateModified\":\"2018-08-26T15:22:43+00:00\",\"author\":{\"@id\":\"https:\/\/portalnpm.com\/#\/schema\/person\/5c8006acdf71774cd4e7a5ab98482152\"},\"breadcrumb\":{\"@id\":\"https:\/\/portalnpm.com\/index.php\/2018\/08\/26\/homem-morre-carbonizado-apos-acidente-entre-carro-e-caminhao-na-zona-rural-de-pio-ix\/#breadcrumb\"},\"inLanguage\":\"pt-BR\",\"potentialAction\":[{\"@type\":\"ReadAction\",\"target\":[\"https:\/\/portalnpm.com\/index.php\/2018\/08\/26\/homem-morre-carbonizado-apos-acidente-entre-carro-e-caminhao-na-zona-rural-de-pio-ix\/\"]}]},{\"@type\":\"ImageObject\",\"inLanguage\":\"pt-BR\",\"@id\":\"https:\/\/portalnpm.com\/index.php\/2018\/08\/26\/homem-morre-carbonizado-apos-acidente-entre-carro-e-caminhao-na-zona-rural-de-pio-ix\/#primaryimage\",\"url\":\"https:\/\/portalnpm.com\/wp-content\/uploads\/2018\/08\/PIOACI2018-3.png\",\"contentUrl\":\"https:\/\/portalnpm.com\/wp-content\/uploads\/2018\/08\/PIOACI2018-3.png\",\"width\":560,\"height\":374},{\"@type\":\"BreadcrumbList\",\"@id\":\"https:\/\/portalnpm.com\/index.php\/2018\/08\/26\/homem-morre-carbonizado-apos-acidente-entre-carro-e-caminhao-na-zona-rural-de-pio-ix\/#breadcrumb\",\"itemListElement\":[{\"@type\":\"ListItem\",\"position\":1,\"name\":\"In\u00edcio\",\"item\":\"https:\/\/portalnpm.com\/\"},{\"@type\":\"ListItem\",\"position\":2,\"name\":\"Homem morre carbonizado ap\u00f3s acidente entre carro e caminh\u00e3o na zona rural de Pio IX\"}]},{\"@type\":\"WebSite\",\"@id\":\"https:\/\/portalnpm.com\/#website\",\"url\":\"https:\/\/portalnpm.com\/\",\"name\":\"Portal NPM\",\"description\":\"Not\u00edcias em Primeira M\u00e3o\",\"potentialAction\":[{\"@type\":\"SearchAction\",\"target\":{\"@type\":\"EntryPoint\",\"urlTemplate\":\"https:\/\/portalnpm.com\/?s={search_term_string}\"},\"query-input\":\"required name=search_term_string\"}],\"inLanguage\":\"pt-BR\"},{\"@type\":\"Person\",\"@id\":\"https:\/\/portalnpm.com\/#\/schema\/person\/5c8006acdf71774cd4e7a5ab98482152\",\"name\":\"Luis Alberto\",\"image\":{\"@type\":\"ImageObject\",\"inLanguage\":\"pt-BR\",\"@id\":\"https:\/\/portalnpm.com\/#\/schema\/person\/image\/\",\"url\":\"https:\/\/portalnpm.com\/wp-content\/uploads\/2024\/12\/avatar_user_3_1734699769-96x96.jpeg\",\"contentUrl\":\"https:\/\/portalnpm.com\/wp-content\/uploads\/2024\/12\/avatar_user_3_1734699769-96x96.jpeg\",\"caption\":\"Luis Alberto\"},\"description\":\"Editor-geral do Portal NPM, \u00e9 formado como T\u00e9cnico em Seguran\u00e7a do Trabalho pela Escola Metropolitana de Cursos T\u00e9cnicos. Det\u00e9m ainda licenciatura em Educa\u00e7\u00e3o F\u00edsica e bacharelado em Ci\u00eancias Pol\u00edticas, ambos obtidos pela institui\u00e7\u00e3o Anhanguera\/UNOPAR.\",\"url\":\"https:\/\/portalnpm.com\/index.php\/author\/pereira\/\"}]}<\/script>\n<!-- \/ Yoast SEO plugin. -->","yoast_head_json":{"title":"Homem morre carbonizado ap\u00f3s acidente entre carro e caminh\u00e3o na zona rural de Pio IX - Portal NPM","robots":{"index":"index","follow":"follow","max-snippet":"max-snippet:-1","max-image-preview":"max-image-preview:large","max-video-preview":"max-video-preview:-1"},"canonical":"https:\/\/portalnpm.com\/index.php\/2018\/08\/26\/homem-morre-carbonizado-apos-acidente-entre-carro-e-caminhao-na-zona-rural-de-pio-ix\/","og_locale":"pt_BR","og_type":"article","og_title":"Homem morre carbonizado ap\u00f3s acidente entre carro e caminh\u00e3o na zona rural de Pio IX - Portal NPM","og_description":"Um acidente envolvendo um carro de passeio modelo Fiat Uno e um caminh\u00e3o Bitruck vitimou o borracheiro Edilson Filho na noite deste s\u00e1bado, 25, na BR-020, zona rural de Pio IX. Ed\u00edlson morava no assentamento Alto Riso depois de se mudar de outra localidade recentemente, o Recreio. Segundo testemunhas, o caminh\u00e3o seguia sentido \u00e0 cidade &hellip;","og_url":"https:\/\/portalnpm.com\/index.php\/2018\/08\/26\/homem-morre-carbonizado-apos-acidente-entre-carro-e-caminhao-na-zona-rural-de-pio-ix\/","og_site_name":"Portal NPM","article_published_time":"2018-08-26T15:22:43+00:00","og_image":[{"width":560,"height":374,"url":"https:\/\/portalnpm.com\/wp-content\/uploads\/2018\/08\/PIOACI2018-3.png","type":"image\/png"}],"author":"Luis Alberto","twitter_card":"summary_large_image","twitter_misc":{"Escrito por":"Luis Alberto","Est. tempo de leitura":"1 minuto"},"schema":{"@context":"https:\/\/schema.org","@graph":[{"@type":"WebPage","@id":"https:\/\/portalnpm.com\/index.php\/2018\/08\/26\/homem-morre-carbonizado-apos-acidente-entre-carro-e-caminhao-na-zona-rural-de-pio-ix\/","url":"https:\/\/portalnpm.com\/index.php\/2018\/08\/26\/homem-morre-carbonizado-apos-acidente-entre-carro-e-caminhao-na-zona-rural-de-pio-ix\/","name":"Homem morre carbonizado ap\u00f3s acidente entre carro e caminh\u00e3o na zona rural de Pio IX - Portal NPM","isPartOf":{"@id":"https:\/\/portalnpm.com\/#website"},"primaryImageOfPage":{"@id":"https:\/\/portalnpm.com\/index.php\/2018\/08\/26\/homem-morre-carbonizado-apos-acidente-entre-carro-e-caminhao-na-zona-rural-de-pio-ix\/#primaryimage"},"image":{"@id":"https:\/\/portalnpm.com\/index.php\/2018\/08\/26\/homem-morre-carbonizado-apos-acidente-entre-carro-e-caminhao-na-zona-rural-de-pio-ix\/#primaryimage"},"thumbnailUrl":"https:\/\/portalnpm.com\/wp-content\/uploads\/2018\/08\/PIOACI2018-3.png","datePublished":"2018-08-26T15:22:43+00:00","dateModified":"2018-08-26T15:22:43+00:00","author":{"@id":"https:\/\/portalnpm.com\/#\/schema\/person\/5c8006acdf71774cd4e7a5ab98482152"},"breadcrumb":{"@id":"https:\/\/portalnpm.com\/index.php\/2018\/08\/26\/homem-morre-carbonizado-apos-acidente-entre-carro-e-caminhao-na-zona-rural-de-pio-ix\/#breadcrumb"},"inLanguage":"pt-BR","potentialAction":[{"@type":"ReadAction","target":["https:\/\/portalnpm.com\/index.php\/2018\/08\/26\/homem-morre-carbonizado-apos-acidente-entre-carro-e-caminhao-na-zona-rural-de-pio-ix\/"]}]},{"@type":"ImageObject","inLanguage":"pt-BR","@id":"https:\/\/portalnpm.com\/index.php\/2018\/08\/26\/homem-morre-carbonizado-apos-acidente-entre-carro-e-caminhao-na-zona-rural-de-pio-ix\/#primaryimage","url":"https:\/\/portalnpm.com\/wp-content\/uploads\/2018\/08\/PIOACI2018-3.png","contentUrl":"https:\/\/portalnpm.com\/wp-content\/uploads\/2018\/08\/PIOACI2018-3.png","width":560,"height":374},{"@type":"BreadcrumbList","@id":"https:\/\/portalnpm.com\/index.php\/2018\/08\/26\/homem-morre-carbonizado-apos-acidente-entre-carro-e-caminhao-na-zona-rural-de-pio-ix\/#breadcrumb","itemListElement":[{"@type":"ListItem","position":1,"name":"In\u00edcio","item":"https:\/\/portalnpm.com\/"},{"@type":"ListItem","position":2,"name":"Homem morre carbonizado ap\u00f3s acidente entre carro e caminh\u00e3o na zona rural de Pio IX"}]},{"@type":"WebSite","@id":"https:\/\/portalnpm.com\/#website","url":"https:\/\/portalnpm.com\/","name":"Portal NPM","description":"Not\u00edcias em Primeira M\u00e3o","potentialAction":[{"@type":"SearchAction","target":{"@type":"EntryPoint","urlTemplate":"https:\/\/portalnpm.com\/?s={search_term_string}"},"query-input":"required name=search_term_string"}],"inLanguage":"pt-BR"},{"@type":"Person","@id":"https:\/\/portalnpm.com\/#\/schema\/person\/5c8006acdf71774cd4e7a5ab98482152","name":"Luis Alberto","image":{"@type":"ImageObject","inLanguage":"pt-BR","@id":"https:\/\/portalnpm.com\/#\/schema\/person\/image\/","url":"https:\/\/portalnpm.com\/wp-content\/uploads\/2024\/12\/avatar_user_3_1734699769-96x96.jpeg","contentUrl":"https:\/\/portalnpm.com\/wp-content\/uploads\/2024\/12\/avatar_user_3_1734699769-96x96.jpeg","caption":"Luis Alberto"},"description":"Editor-geral do Portal NPM, \u00e9 formado como T\u00e9cnico em Seguran\u00e7a do Trabalho pela Escola Metropolitana de Cursos T\u00e9cnicos. Det\u00e9m ainda licenciatura em Educa\u00e7\u00e3o F\u00edsica e bacharelado em Ci\u00eancias Pol\u00edticas, ambos obtidos pela institui\u00e7\u00e3o Anhanguera\/UNOPAR.","url":"https:\/\/portalnpm.com\/index.php\/author\/pereira\/"}]}},"jetpack_sharing_enabled":true,"jetpack_featured_media_url":"https:\/\/portalnpm.com\/wp-content\/uploads\/2018\/08\/PIOACI2018-3.png","_links":{"self":[{"href":"https:\/\/portalnpm.com\/index.php\/wp-json\/wp\/v2\/posts\/985"}],"collection":[{"href":"https:\/\/portalnpm.com\/index.php\/wp-json\/wp\/v2\/posts"}],"about":[{"href":"https:\/\/portalnpm.com\/index.php\/wp-json\/wp\/v2\/types\/post"}],"author":[{"embeddable":true,"href":"https:\/\/portalnpm.com\/index.php\/wp-json\/wp\/v2\/users\/3"}],"replies":[{"embeddable":true,"href":"https:\/\/portalnpm.com\/index.php\/wp-json\/wp\/v2\/comments?post=985"}],"version-history":[{"count":0,"href":"https:\/\/portalnpm.com\/index.php\/wp-json\/wp\/v2\/posts\/985\/revisions"}],"wp:featuredmedia":[{"embeddable":true,"href":"https:\/\/portalnpm.com\/index.php\/wp-json\/wp\/v2\/media\/988"}],"wp:attachment":[{"href":"https:\/\/portalnpm.com\/index.php\/wp-json\/wp\/v2\/media?parent=985"}],"wp:term":[{"taxonomy":"category","embeddable":true,"href":"https:\/\/portalnpm.com\/index.php\/wp-json\/wp\/v2\/categories?post=985"},{"taxonomy":"post_tag","embeddable":true,"href":"https:\/\/portalnpm.com\/index.php\/wp-json\/wp\/v2\/tags?post=985"}],"curies":[{"name":"wp","href":"https:\/\/api.w.org\/{rel}","templated":true}]}}