{"id":9850,"date":"2019-07-23T13:25:24","date_gmt":"2019-07-23T16:25:24","guid":{"rendered":"http:\/\/srv.portalnpm.com.br\/?p=9850"},"modified":"2019-07-23T13:25:24","modified_gmt":"2019-07-23T16:25:24","slug":"em-teresina-poetisa-alagoinhense-eva-graca-brito-e-outros-16-autores-lancam-com-exito-a-coletanea-piaui-em-letras-ii-veja","status":"publish","type":"post","link":"https:\/\/portalnpm.com\/index.php\/2019\/07\/23\/em-teresina-poetisa-alagoinhense-eva-graca-brito-e-outros-16-autores-lancam-com-exito-a-coletanea-piaui-em-letras-ii-veja\/","title":{"rendered":"Em Teresina, poetisa alagoinhense Eva Gra\u00e7a Brito e outros 16 autores lan\u00e7am com \u00eaxito a colet\u00e2nea \u201cPiau\u00ed Em Letras II\u201d; veja!"},"content":{"rendered":"<p style=\"text-align: justify;\">Na noite do \u00faltimo s\u00e1bado, dia 20 de julho, a APL Academia Piauiense de Letras em Teresina-PI, foi o palco escolhido para o lan\u00e7amento da colet\u00e2nea PIAU\u00cd EM LETRAS II.<\/p>\n<p style=\"text-align: justify;\">A obra liter\u00e1ria que foi organizada pelo poeta, historiador, dicionarista biogr\u00e1fico e antologista Adri\u00e3o Neto e o grupo gestor composto por Lena Lustosa, Jos\u00e9 Paraguass\u00fa, e Mozaniel Almeida, re\u00fane 17 autores de v\u00e1rias regi\u00f5es do Piau\u00ed, todos participantes ativos do RECANTO DAS LETRAS, site com milhares de escritores brasileiros, que funciona como uma plataforma idealizada para facilitar a publica\u00e7\u00e3o e o compartilhamento online de conte\u00fados de natureza po\u00e9tica, art\u00edstica, informativa e educacional.<\/p>\n<p><img fetchpriority=\"high\" decoding=\"async\" class=\"aligncenter size-full wp-image-9881\" src=\"http:\/\/portalnpm.com\/wp-content\/uploads\/2019\/07\/IMG-20190723-WA0169.jpg\" alt=\"\" width=\"532\" height=\"612\" \/><\/p>\n<p style=\"text-align: justify;\">O professor luis-correiense, Antonio Jos\u00e9 Sales participa como co-autor do livro com 16 poesias.Antonio Jos\u00e9 Sales, poeta, escritor, professor, Especialista em Literatura e Outras Linguagens (UESPI 2018). Veja a baixo o texto da orelha do livro, transcrito.<\/p>\n<p><img decoding=\"async\" class=\"aligncenter size-full wp-image-9882\" src=\"http:\/\/portalnpm.com\/wp-content\/uploads\/2019\/07\/IMG-20190723-WA0168.jpg\" alt=\"\" width=\"488\" height=\"812\" \/><\/p>\n<p style=\"text-align: justify;\">\u201cCaro leitor!<br \/>\nConvido-o \u00e0 uma viagem ao mundo da Literatura atrav\u00e9s do livro Piau\u00ed em Letras II, uma colet\u00e2nea de textos bastante diversificada, representando as m\u00faltiplas facetas da cultura liter\u00e1ria piauiense. Este \u00e9 o segundo volume da s\u00e9rie Piau\u00ed em Letras. E, a exemplo do primeiro volume, traz uma ampla variedade de textos em prosas e versos de autores de v\u00e1rias regi\u00f5es do estado do Piau\u00ed. Vozes que emanam da terra querida, filha do Sol do Equador, para o mundo. Somos v\u00e1rios afluentes derramando no mesmo rio nossas vertentes liter\u00e1rias. Espalhamos pelas quebradas do sert\u00e3o o nosso canto de exalta\u00e7\u00e3o. Esperamos que este trabalho seja fecundo e que possamos propiciar ao leitor uma leitura prazerosa sempre melhor. Lan\u00e7amos nossa semente ao mundo, contribuindo para que a literatura piauiense seja ainda maior.<br \/>\nBoa leitura!\u201d.<\/p>\n<p style=\"text-align: justify;\">A professora e poetisa alagoinhense, Eva Gra\u00e7a Maria de Brito, a exemplo da Colet\u00e2nea I, tem nesse novo trabalho uma participa\u00e7\u00e3o ativa com poemas que apresentam tr\u00eas tem\u00e1ticas:<\/p>\n<p><img decoding=\"async\" class=\"aligncenter size-full wp-image-9869\" src=\"http:\/\/portalnpm.com\/wp-content\/uploads\/2019\/07\/WhatsApp-Image-2019-07-22-at-19.45.56.jpeg\" alt=\"\" width=\"598\" height=\"831\" \/>A poesia intimista ao expor as emo\u00e7\u00f5es e sentimentos do eu do l\u00edrico,ou seja sua introspec\u00e7\u00e3o, emo\u00e7\u00e3o e reflex\u00e3o.<\/p>\n<p><img loading=\"lazy\" decoding=\"async\" class=\"aligncenter size-full wp-image-9870\" src=\"http:\/\/portalnpm.com\/wp-content\/uploads\/2019\/07\/WhatsApp-Image-2019-07-22-at-19.46.36.jpeg\" alt=\"\" width=\"556\" height=\"878\" \/>A poesia sensual com versos que atrav\u00e9s da fluidez e sensualidade da linguagem despertam a imagina\u00e7\u00e3o do p\u00fablico leitor e a poesia social, quando a autora faz da palavra um instrumento de den\u00fancia social acerca de acontecimentos do cotidiano ao trabalhar a cultura de paz que est\u00e1 no seu ideal pedag\u00f3gico, como podemos constatar no poema a seguir, que aborda o terr\u00edvel bullying, j\u00e1 considerado um problema de sa\u00fade p\u00fablica no Brasil.<\/p>\n<p style=\"text-align: justify;\">\u201cNo ambiente escolar, o bullying pode ser definido como uma forma de agress\u00e3o praticada por um ou mais estudantes contra outro(s), de maneira intencional e repetidamente, que ocorre sem motiva\u00e7\u00e3o evidente, causando dor e ang\u00fastia \u2013 sendo caracterizada tamb\u00e9m pela rela\u00e7\u00e3o desigual de poder.<\/p>\n<div id=\"attachment_724248\" class=\"wp-caption aligncenter\" style=\"text-align: justify;\">\n<p><img loading=\"lazy\" decoding=\"async\" class=\"aligncenter size-full wp-image-9871\" src=\"http:\/\/portalnpm.com\/wp-content\/uploads\/2019\/07\/WhatsApp-Image-2019-07-22-at-19.47.03.jpeg\" alt=\"\" width=\"579\" height=\"1020\" \/>Poesia declamada pela autora, por ocasi\u00e3o do lan\u00e7amento<\/p>\n<\/div>\n<p style=\"text-align: justify;\">Com os recursos proporcionados pelas novas tecnologias h\u00e1 ainda outro desdobramento dessa forma de viol\u00eancia: o ciberbullying, que \u00e9 a pr\u00e1tica do bullying no ambiente virtual. Isso evidencia como essas manifesta\u00e7\u00f5es de viol\u00eancia se modificam e se atualizam de acordo com o contexto hist\u00f3rico-social e tecnol\u00f3gico.\u201d<\/p>\n<p style=\"text-align: justify;\">Link do poema no youtube:<\/p>\n<div class=\"fluid-width-video-wrapper\" style=\"text-align: justify;\"><iframe id=\"fitvid6870\" src=\"https:\/\/www.youtube.com\/embed\/lRIElF2YEjA\" frameborder=\"0\" allowfullscreen=\"allowfullscreen\" data-mce-fragment=\"1\"><\/iframe><\/div>\n<p style=\"text-align: justify;\">O evento foi grandioso e inspirador. O audit\u00f3rio estava completamente lotado, os 17 autores da obra foram prestigiados por familiares, amigos, autoridades e amantes da literatura, da arte e da cultura.<\/p>\n<p><img loading=\"lazy\" decoding=\"async\" class=\"aligncenter size-full wp-image-9880\" src=\"http:\/\/portalnpm.com\/wp-content\/uploads\/2019\/07\/IMG-20190723-WA0170.jpg\" alt=\"\" width=\"598\" height=\"852\" \/><\/p>\n<p><img loading=\"lazy\" decoding=\"async\" class=\"aligncenter size-full wp-image-9873\" src=\"http:\/\/portalnpm.com\/wp-content\/uploads\/2019\/07\/WhatsApp-Image-2019-07-22-at-19.47.38-768x431.jpeg\" alt=\"\" width=\"768\" height=\"431\" \/><\/p>\n<p>Com os grandes poetas, professores, amantes da arte e da cultura, Raimundo Clementino, Marli veloso e sua linda filhinha, a pequena grande, Ana Clarissa, Firmina Arrais e seu esposo Jo\u00e3o Batista.<\/p>\n<p style=\"text-align: justify;\"><img loading=\"lazy\" decoding=\"async\" class=\"aligncenter size-full wp-image-9874\" src=\"http:\/\/portalnpm.com\/wp-content\/uploads\/2019\/07\/WhatsApp-Image-2019-07-22-at-19.48.15.jpeg\" alt=\"\" width=\"477\" height=\"685\" \/>Alguns autores, inclusive a poetisa Eva Gra\u00e7a Brito usaram a tribuna para discursarem e declamarem poemas.<\/p>\n<p><img loading=\"lazy\" decoding=\"async\" class=\"aligncenter size-full wp-image-9875\" src=\"http:\/\/portalnpm.com\/wp-content\/uploads\/2019\/07\/WhatsApp-Image-2019-07-22-at-19.48.15-1.jpeg\" alt=\"\" width=\"640\" height=\"480\" \/>Ap\u00f3s lan\u00e7amento houve o momento de aut\u00f3grafos, um Coffee break para todos autores e convidados, m\u00fasica ao vivo na voz de Jos\u00e9 Paraguass\u00fa, grande artista de Floriano, que tamb\u00e9m \u00e9 um dos autores da colet\u00e2nea e ainda um brinde entre autores em comemora\u00e7\u00e3o a alegria do reencontro e ao \u00eaxito obtido no lan\u00e7amento!<\/p>\n<p><img loading=\"lazy\" decoding=\"async\" class=\"aligncenter size-full wp-image-9876\" src=\"http:\/\/portalnpm.com\/wp-content\/uploads\/2019\/07\/WhatsApp-Image-2019-07-22-at-19.48.51.jpeg\" alt=\"\" width=\"596\" height=\"435\" \/>Assim, nesse clima po\u00e9tico e feliz foi encerrado aquele momento muito importante para a literatura piauiense!<\/p>\n<p><img loading=\"lazy\" decoding=\"async\" class=\"aligncenter size-full wp-image-9877\" src=\"http:\/\/portalnpm.com\/wp-content\/uploads\/2019\/07\/WhatsApp-Image-2019-07-22-at-19.48.52.jpeg\" alt=\"\" width=\"672\" height=\"436\" \/>Os interessados em conhecer\/adquirir o livro devem procur\u00e1-lo na banca de revista Cai\u00e7ara, localizada na pra\u00e7a F\u00e9lix Pacheco no centro de Picos, na livraria Ara\u00fajo- Pra\u00e7a de Alimenta\u00e7\u00e3o do Piau\u00ed Shopping, em Picos-PI e tamb\u00e9m em todas as regi\u00f5es onde residem os demais autores.<\/p>\n<p><strong>FONTE: Da Reda\u00e7\u00e3o do Portal Cidades Na Net com Texto: Prof. Janiqueles C\u00e2ndido e Fotos: Profa. e poetisa: Eva Gra\u00e7a<\/strong><\/p>\n","protected":false},"excerpt":{"rendered":"<p>Na noite do \u00faltimo s\u00e1bado, dia 20 de julho, a APL Academia Piauiense de Letras em Teresina-PI, foi o palco escolhido para o lan\u00e7amento da colet\u00e2nea PIAU\u00cd EM LETRAS II. A obra liter\u00e1ria que foi organizada pelo poeta, historiador, dicionarista biogr\u00e1fico e antologista Adri\u00e3o Neto e o grupo gestor composto por Lena Lustosa, Jos\u00e9 Paraguass\u00fa, &hellip;<\/p>\n","protected":false},"author":3,"featured_media":9866,"comment_status":"open","ping_status":"open","sticky":false,"template":"","format":"standard","meta":{"content-type":"","rop_custom_images_group":[],"rop_custom_messages_group":[],"rop_publish_now":"initial","rop_publish_now_accounts":{"facebook_2648258775420054_1618374048415101":""},"rop_publish_now_history":[],"rop_publish_now_status":"pending","footnotes":"","_jetpack_memberships_contains_paid_content":false},"categories":[144,147,109],"tags":[1119,704,3107,766],"yoast_head":"<!-- This site is optimized with the Yoast SEO plugin v22.3 - https:\/\/yoast.com\/wordpress\/plugins\/seo\/ -->\n<title>Em Teresina, poetisa alagoinhense Eva Gra\u00e7a Brito e outros 16 autores lan\u00e7am com \u00eaxito a colet\u00e2nea \u201cPiau\u00ed Em Letras II\u201d; veja! - Portal NPM<\/title>\n<meta name=\"robots\" content=\"index, follow, max-snippet:-1, max-image-preview:large, max-video-preview:-1\" \/>\n<link rel=\"canonical\" href=\"https:\/\/portalnpm.com\/index.php\/2019\/07\/23\/em-teresina-poetisa-alagoinhense-eva-graca-brito-e-outros-16-autores-lancam-com-exito-a-coletanea-piaui-em-letras-ii-veja\/\" \/>\n<meta property=\"og:locale\" content=\"pt_BR\" \/>\n<meta property=\"og:type\" content=\"article\" \/>\n<meta property=\"og:title\" content=\"Em Teresina, poetisa alagoinhense Eva Gra\u00e7a Brito e outros 16 autores lan\u00e7am com \u00eaxito a colet\u00e2nea \u201cPiau\u00ed Em Letras II\u201d; veja! - Portal NPM\" \/>\n<meta property=\"og:description\" content=\"Na noite do \u00faltimo s\u00e1bado, dia 20 de julho, a APL Academia Piauiense de Letras em Teresina-PI, foi o palco escolhido para o lan\u00e7amento da colet\u00e2nea PIAU\u00cd EM LETRAS II. A obra liter\u00e1ria que foi organizada pelo poeta, historiador, dicionarista biogr\u00e1fico e antologista Adri\u00e3o Neto e o grupo gestor composto por Lena Lustosa, Jos\u00e9 Paraguass\u00fa, &hellip;\" \/>\n<meta property=\"og:url\" content=\"https:\/\/portalnpm.com\/index.php\/2019\/07\/23\/em-teresina-poetisa-alagoinhense-eva-graca-brito-e-outros-16-autores-lancam-com-exito-a-coletanea-piaui-em-letras-ii-veja\/\" \/>\n<meta property=\"og:site_name\" content=\"Portal NPM\" \/>\n<meta property=\"article:published_time\" content=\"2019-07-23T16:25:24+00:00\" \/>\n<meta name=\"author\" content=\"Luis Alberto\" \/>\n<meta name=\"twitter:card\" content=\"summary_large_image\" \/>\n<meta name=\"twitter:label1\" content=\"Escrito por\" \/>\n\t<meta name=\"twitter:data1\" content=\"Luis Alberto\" \/>\n\t<meta name=\"twitter:label2\" content=\"Est. tempo de leitura\" \/>\n\t<meta name=\"twitter:data2\" content=\"4 minutos\" \/>\n<script type=\"application\/ld+json\" class=\"yoast-schema-graph\">{\"@context\":\"https:\/\/schema.org\",\"@graph\":[{\"@type\":\"WebPage\",\"@id\":\"https:\/\/portalnpm.com\/index.php\/2019\/07\/23\/em-teresina-poetisa-alagoinhense-eva-graca-brito-e-outros-16-autores-lancam-com-exito-a-coletanea-piaui-em-letras-ii-veja\/\",\"url\":\"https:\/\/portalnpm.com\/index.php\/2019\/07\/23\/em-teresina-poetisa-alagoinhense-eva-graca-brito-e-outros-16-autores-lancam-com-exito-a-coletanea-piaui-em-letras-ii-veja\/\",\"name\":\"Em Teresina, poetisa alagoinhense Eva Gra\u00e7a Brito e outros 16 autores lan\u00e7am com \u00eaxito a colet\u00e2nea \u201cPiau\u00ed Em Letras II\u201d; veja! - Portal NPM\",\"isPartOf\":{\"@id\":\"https:\/\/portalnpm.com\/#website\"},\"primaryImageOfPage\":{\"@id\":\"https:\/\/portalnpm.com\/index.php\/2019\/07\/23\/em-teresina-poetisa-alagoinhense-eva-graca-brito-e-outros-16-autores-lancam-com-exito-a-coletanea-piaui-em-letras-ii-veja\/#primaryimage\"},\"image\":{\"@id\":\"https:\/\/portalnpm.com\/index.php\/2019\/07\/23\/em-teresina-poetisa-alagoinhense-eva-graca-brito-e-outros-16-autores-lancam-com-exito-a-coletanea-piaui-em-letras-ii-veja\/#primaryimage\"},\"thumbnailUrl\":\"\",\"datePublished\":\"2019-07-23T16:25:24+00:00\",\"dateModified\":\"2019-07-23T16:25:24+00:00\",\"author\":{\"@id\":\"https:\/\/portalnpm.com\/#\/schema\/person\/5c8006acdf71774cd4e7a5ab98482152\"},\"breadcrumb\":{\"@id\":\"https:\/\/portalnpm.com\/index.php\/2019\/07\/23\/em-teresina-poetisa-alagoinhense-eva-graca-brito-e-outros-16-autores-lancam-com-exito-a-coletanea-piaui-em-letras-ii-veja\/#breadcrumb\"},\"inLanguage\":\"pt-BR\",\"potentialAction\":[{\"@type\":\"ReadAction\",\"target\":[\"https:\/\/portalnpm.com\/index.php\/2019\/07\/23\/em-teresina-poetisa-alagoinhense-eva-graca-brito-e-outros-16-autores-lancam-com-exito-a-coletanea-piaui-em-letras-ii-veja\/\"]}]},{\"@type\":\"ImageObject\",\"inLanguage\":\"pt-BR\",\"@id\":\"https:\/\/portalnpm.com\/index.php\/2019\/07\/23\/em-teresina-poetisa-alagoinhense-eva-graca-brito-e-outros-16-autores-lancam-com-exito-a-coletanea-piaui-em-letras-ii-veja\/#primaryimage\",\"url\":\"\",\"contentUrl\":\"\"},{\"@type\":\"BreadcrumbList\",\"@id\":\"https:\/\/portalnpm.com\/index.php\/2019\/07\/23\/em-teresina-poetisa-alagoinhense-eva-graca-brito-e-outros-16-autores-lancam-com-exito-a-coletanea-piaui-em-letras-ii-veja\/#breadcrumb\",\"itemListElement\":[{\"@type\":\"ListItem\",\"position\":1,\"name\":\"In\u00edcio\",\"item\":\"https:\/\/portalnpm.com\/\"},{\"@type\":\"ListItem\",\"position\":2,\"name\":\"Em Teresina, poetisa alagoinhense Eva Gra\u00e7a Brito e outros 16 autores lan\u00e7am com \u00eaxito a colet\u00e2nea \u201cPiau\u00ed Em Letras II\u201d; veja!\"}]},{\"@type\":\"WebSite\",\"@id\":\"https:\/\/portalnpm.com\/#website\",\"url\":\"https:\/\/portalnpm.com\/\",\"name\":\"Portal NPM\",\"description\":\"Not\u00edcias em Primeira M\u00e3o\",\"potentialAction\":[{\"@type\":\"SearchAction\",\"target\":{\"@type\":\"EntryPoint\",\"urlTemplate\":\"https:\/\/portalnpm.com\/?s={search_term_string}\"},\"query-input\":\"required name=search_term_string\"}],\"inLanguage\":\"pt-BR\"},{\"@type\":\"Person\",\"@id\":\"https:\/\/portalnpm.com\/#\/schema\/person\/5c8006acdf71774cd4e7a5ab98482152\",\"name\":\"Luis Alberto\",\"image\":{\"@type\":\"ImageObject\",\"inLanguage\":\"pt-BR\",\"@id\":\"https:\/\/portalnpm.com\/#\/schema\/person\/image\/\",\"url\":\"https:\/\/portalnpm.com\/wp-content\/uploads\/2024\/12\/avatar_user_3_1734699769-96x96.jpeg\",\"contentUrl\":\"https:\/\/portalnpm.com\/wp-content\/uploads\/2024\/12\/avatar_user_3_1734699769-96x96.jpeg\",\"caption\":\"Luis Alberto\"},\"description\":\"Editor-geral do Portal NPM, \u00e9 formado como T\u00e9cnico em Seguran\u00e7a do Trabalho pela Escola Metropolitana de Cursos T\u00e9cnicos. Det\u00e9m ainda licenciatura em Educa\u00e7\u00e3o F\u00edsica e bacharelado em Ci\u00eancias Pol\u00edticas, ambos obtidos pela institui\u00e7\u00e3o Anhanguera\/UNOPAR.\",\"url\":\"https:\/\/portalnpm.com\/index.php\/author\/pereira\/\"}]}<\/script>\n<!-- \/ Yoast SEO plugin. -->","yoast_head_json":{"title":"Em Teresina, poetisa alagoinhense Eva Gra\u00e7a Brito e outros 16 autores lan\u00e7am com \u00eaxito a colet\u00e2nea \u201cPiau\u00ed Em Letras II\u201d; veja! - Portal NPM","robots":{"index":"index","follow":"follow","max-snippet":"max-snippet:-1","max-image-preview":"max-image-preview:large","max-video-preview":"max-video-preview:-1"},"canonical":"https:\/\/portalnpm.com\/index.php\/2019\/07\/23\/em-teresina-poetisa-alagoinhense-eva-graca-brito-e-outros-16-autores-lancam-com-exito-a-coletanea-piaui-em-letras-ii-veja\/","og_locale":"pt_BR","og_type":"article","og_title":"Em Teresina, poetisa alagoinhense Eva Gra\u00e7a Brito e outros 16 autores lan\u00e7am com \u00eaxito a colet\u00e2nea \u201cPiau\u00ed Em Letras II\u201d; veja! - Portal NPM","og_description":"Na noite do \u00faltimo s\u00e1bado, dia 20 de julho, a APL Academia Piauiense de Letras em Teresina-PI, foi o palco escolhido para o lan\u00e7amento da colet\u00e2nea PIAU\u00cd EM LETRAS II. A obra liter\u00e1ria que foi organizada pelo poeta, historiador, dicionarista biogr\u00e1fico e antologista Adri\u00e3o Neto e o grupo gestor composto por Lena Lustosa, Jos\u00e9 Paraguass\u00fa, &hellip;","og_url":"https:\/\/portalnpm.com\/index.php\/2019\/07\/23\/em-teresina-poetisa-alagoinhense-eva-graca-brito-e-outros-16-autores-lancam-com-exito-a-coletanea-piaui-em-letras-ii-veja\/","og_site_name":"Portal NPM","article_published_time":"2019-07-23T16:25:24+00:00","author":"Luis Alberto","twitter_card":"summary_large_image","twitter_misc":{"Escrito por":"Luis Alberto","Est. tempo de leitura":"4 minutos"},"schema":{"@context":"https:\/\/schema.org","@graph":[{"@type":"WebPage","@id":"https:\/\/portalnpm.com\/index.php\/2019\/07\/23\/em-teresina-poetisa-alagoinhense-eva-graca-brito-e-outros-16-autores-lancam-com-exito-a-coletanea-piaui-em-letras-ii-veja\/","url":"https:\/\/portalnpm.com\/index.php\/2019\/07\/23\/em-teresina-poetisa-alagoinhense-eva-graca-brito-e-outros-16-autores-lancam-com-exito-a-coletanea-piaui-em-letras-ii-veja\/","name":"Em Teresina, poetisa alagoinhense Eva Gra\u00e7a Brito e outros 16 autores lan\u00e7am com \u00eaxito a colet\u00e2nea \u201cPiau\u00ed Em Letras II\u201d; veja! - Portal NPM","isPartOf":{"@id":"https:\/\/portalnpm.com\/#website"},"primaryImageOfPage":{"@id":"https:\/\/portalnpm.com\/index.php\/2019\/07\/23\/em-teresina-poetisa-alagoinhense-eva-graca-brito-e-outros-16-autores-lancam-com-exito-a-coletanea-piaui-em-letras-ii-veja\/#primaryimage"},"image":{"@id":"https:\/\/portalnpm.com\/index.php\/2019\/07\/23\/em-teresina-poetisa-alagoinhense-eva-graca-brito-e-outros-16-autores-lancam-com-exito-a-coletanea-piaui-em-letras-ii-veja\/#primaryimage"},"thumbnailUrl":"","datePublished":"2019-07-23T16:25:24+00:00","dateModified":"2019-07-23T16:25:24+00:00","author":{"@id":"https:\/\/portalnpm.com\/#\/schema\/person\/5c8006acdf71774cd4e7a5ab98482152"},"breadcrumb":{"@id":"https:\/\/portalnpm.com\/index.php\/2019\/07\/23\/em-teresina-poetisa-alagoinhense-eva-graca-brito-e-outros-16-autores-lancam-com-exito-a-coletanea-piaui-em-letras-ii-veja\/#breadcrumb"},"inLanguage":"pt-BR","potentialAction":[{"@type":"ReadAction","target":["https:\/\/portalnpm.com\/index.php\/2019\/07\/23\/em-teresina-poetisa-alagoinhense-eva-graca-brito-e-outros-16-autores-lancam-com-exito-a-coletanea-piaui-em-letras-ii-veja\/"]}]},{"@type":"ImageObject","inLanguage":"pt-BR","@id":"https:\/\/portalnpm.com\/index.php\/2019\/07\/23\/em-teresina-poetisa-alagoinhense-eva-graca-brito-e-outros-16-autores-lancam-com-exito-a-coletanea-piaui-em-letras-ii-veja\/#primaryimage","url":"","contentUrl":""},{"@type":"BreadcrumbList","@id":"https:\/\/portalnpm.com\/index.php\/2019\/07\/23\/em-teresina-poetisa-alagoinhense-eva-graca-brito-e-outros-16-autores-lancam-com-exito-a-coletanea-piaui-em-letras-ii-veja\/#breadcrumb","itemListElement":[{"@type":"ListItem","position":1,"name":"In\u00edcio","item":"https:\/\/portalnpm.com\/"},{"@type":"ListItem","position":2,"name":"Em Teresina, poetisa alagoinhense Eva Gra\u00e7a Brito e outros 16 autores lan\u00e7am com \u00eaxito a colet\u00e2nea \u201cPiau\u00ed Em Letras II\u201d; veja!"}]},{"@type":"WebSite","@id":"https:\/\/portalnpm.com\/#website","url":"https:\/\/portalnpm.com\/","name":"Portal NPM","description":"Not\u00edcias em Primeira M\u00e3o","potentialAction":[{"@type":"SearchAction","target":{"@type":"EntryPoint","urlTemplate":"https:\/\/portalnpm.com\/?s={search_term_string}"},"query-input":"required name=search_term_string"}],"inLanguage":"pt-BR"},{"@type":"Person","@id":"https:\/\/portalnpm.com\/#\/schema\/person\/5c8006acdf71774cd4e7a5ab98482152","name":"Luis Alberto","image":{"@type":"ImageObject","inLanguage":"pt-BR","@id":"https:\/\/portalnpm.com\/#\/schema\/person\/image\/","url":"https:\/\/portalnpm.com\/wp-content\/uploads\/2024\/12\/avatar_user_3_1734699769-96x96.jpeg","contentUrl":"https:\/\/portalnpm.com\/wp-content\/uploads\/2024\/12\/avatar_user_3_1734699769-96x96.jpeg","caption":"Luis Alberto"},"description":"Editor-geral do Portal NPM, \u00e9 formado como T\u00e9cnico em Seguran\u00e7a do Trabalho pela Escola Metropolitana de Cursos T\u00e9cnicos. Det\u00e9m ainda licenciatura em Educa\u00e7\u00e3o F\u00edsica e bacharelado em Ci\u00eancias Pol\u00edticas, ambos obtidos pela institui\u00e7\u00e3o Anhanguera\/UNOPAR.","url":"https:\/\/portalnpm.com\/index.php\/author\/pereira\/"}]}},"jetpack_sharing_enabled":true,"jetpack_featured_media_url":"","_links":{"self":[{"href":"https:\/\/portalnpm.com\/index.php\/wp-json\/wp\/v2\/posts\/9850"}],"collection":[{"href":"https:\/\/portalnpm.com\/index.php\/wp-json\/wp\/v2\/posts"}],"about":[{"href":"https:\/\/portalnpm.com\/index.php\/wp-json\/wp\/v2\/types\/post"}],"author":[{"embeddable":true,"href":"https:\/\/portalnpm.com\/index.php\/wp-json\/wp\/v2\/users\/3"}],"replies":[{"embeddable":true,"href":"https:\/\/portalnpm.com\/index.php\/wp-json\/wp\/v2\/comments?post=9850"}],"version-history":[{"count":0,"href":"https:\/\/portalnpm.com\/index.php\/wp-json\/wp\/v2\/posts\/9850\/revisions"}],"wp:featuredmedia":[{"embeddable":true,"href":"https:\/\/portalnpm.com\/index.php\/wp-json\/"}],"wp:attachment":[{"href":"https:\/\/portalnpm.com\/index.php\/wp-json\/wp\/v2\/media?parent=9850"}],"wp:term":[{"taxonomy":"category","embeddable":true,"href":"https:\/\/portalnpm.com\/index.php\/wp-json\/wp\/v2\/categories?post=9850"},{"taxonomy":"post_tag","embeddable":true,"href":"https:\/\/portalnpm.com\/index.php\/wp-json\/wp\/v2\/tags?post=9850"}],"curies":[{"name":"wp","href":"https:\/\/api.w.org\/{rel}","templated":true}]}}